{"id":1229,"date":"2021-04-07T13:21:45","date_gmt":"2021-04-07T12:21:45","guid":{"rendered":"https:\/\/undod.cymru\/?p=1229"},"modified":"2021-06-11T20:20:33","modified_gmt":"2021-06-11T19:20:33","slug":"tai-i-gymru-nid-tai-haf","status":"publish","type":"post","link":"https:\/\/undod.cymru\/cy\/2021\/04\/07\/tai-i-gymru-nid-tai-haf\/","title":{"rendered":"Tai i Gymru, nid tai haf"},"content":{"rendered":"<p>Ddydd Sadwrn, Tachwedd 21, cynhaliwyd tair rali &#8216;Nid yw Cymru ar Werth&#8217; gan Gymdeithas yr Iaith am broblem tai haf \u2013 yn Llanberis, Aberaeron a Chaerfyrddin.<\/p>\n<p>Roedden ni&#8217;n wlyb at ein crwyn ac roedd Llyn Padarn yn llwm ac yn llwyd. Mae Llanberis yn y glaw yn go wahanol i Lanberis yr Haf. Gan na chaiff pobl Lloegr ddod i Gymru, mae&#8217;n eitha gwag yn y pentref ar hyn o bryd. Diflannodd y stribed hir o&#8217;r camper-vans, ac roedd modd cael lle yn y maes parcio. Cawn gyfle i anadlu. Ond mewn ychydig byddwn ni&#8217;n \u00f4l yn yr un hen drefn. Pobl yn heidio i&#8217;w hail gartrefi, a Chymry lleol methu fforddio byw yn eu cymunedau eu hunain. Mae o mor anheg.<\/p>\n<p>Dwi&#8217;m wedi gwneud hyn o&#8217;r blaen, mynd ar daith rithiol ar draws y blynyddoedd i&#8217;r tai haf rydw i wedi ei meddiannu.<\/p>\n<p><strong>BETWS GARMON, Gorffennaf 1976<\/strong><\/p>\n<p>Fy ngweithred gyntaf oedd hon \u2013 torri ffenest t\u0177 haf i dynnu sylw at y nifer o dai haf yng Nghymru. Roedd Edward H. Dafis wedi crisalu&#8217;r broblem yn eu clasur o g\u00e2n &#8216;T\u0177 Haf&#8217;,<\/p>\n<p><em>&#8216;O mae&#8217;n braf cael byw mewn t\u0177 haf! Mae hi&#8217;n sbri cael perchen dau d\u0177,<\/em><\/p>\n<p><em>O, wi&#8217;n dwlu dod i Gymru a dwi&#8217;n dod bob cam o Surrey bob haf&#8230;&#8217;<\/em><\/p>\n<p>Dim ond ers rhyw 3 blynedd oedd Cymdeithas yr Iaith wedi bod yn gweithredu yn y maes hwn. Un o&#8217;r raliau enwocaf oedd yr un yn Rhyd lle roedd bob t\u0177 yn y pentref yn d\u0177 haf.<\/p>\n<p>Enghraifft drist arall oedd Derwen Gam pan werthwyd pentref cyfan yng Ngheredigion oedd yn eiddo i un teulu. Diflanodd y Cymry a daeth pobl o Loegr i mewn.<\/p>\n<p><strong>PORTHMADOG, Ionawr 1977<\/strong><\/p>\n<p>Tai ar y cei ym Mhorthmadog oedd y rhain \u2013 tai oedd yn amlwg wedi eu codi yn bwrpasol fel tai gwyliau, dwi&#8217;n cofio fod Vaughan Roderick ymysg y criw ohonom a feddiannodd y t\u0177 hwn. Doedd y Llywodraeth heb gymryd unrhyw gamau i wella&#8217;r sefyllfa.<\/p>\n<p><strong>BANGOR, Ionawr 1982<\/strong><\/p>\n<p>Dim t\u0177 penodol oedd dan sylw y tro hwn, ond tai. Ers 1979, roedd tai haf yn cael eu llosgi gan Feibion Glynd\u0175r, ac felly roedd sylw Cymdeithas yr Iaith yn mynd ar ral\u00efau yn erbyn stadau tai di-angen megis y rhai yn Gaerwen a Harlech. Fis Ionawr 1982, dyma gyflwyno cerdyn i Wyn Roberts efo&#8217;r geiriau &#8216;Blwyddyn Newydd Well i&#8217;r 1,922 o deuluoedd ar y rhestr aros am dai yn Aberconwy ac Arfon\u2019. Erbyn y Steddfod roedd slogannau ar uned y Swyddfa Gymreig &#8216;18,000 o dai haf \u2013 Gwarth!&#8217; Ni wnaeth y Llywodraeth unrhyw beth.<\/p>\n<p><strong>LLIDIARDAU, Ebrill 1983<\/strong><\/p>\n<p>Dim t\u0177 haf rywun rywun oedd hwn. Roedd yn perthyn i Aelod Seneddol Ceidwadol, Anthony Steen. Run stori oedd hi \u2013 pobl gyfoethog yn gallu fforddio dau d\u0177, eraill methu fforddio yr un. Ni weithredodd y Llywodraeth o gwbl ar y mater.<\/p>\n<p><strong>BLAENAU FFESTINIOG 1987<\/strong><\/p>\n<p>Meddiannu t\u0177 gwag ddaru ni y tro hwn, i ddangos fod modd adfer eiddo mewn pentref a&#8217;i rentu i bobl leol. Ond roedd y sefyllfa yn prysur waethygu, a dyma fynd ati i gychwyn yr ymgyrch &#8216;Nid yw Cymru ar Werth&#8217; efo mi a Dyfed Wyn Edwards yn arwain yr ymgyrch. Un fuddugoliaeth gafwyd ym maes tai oedd cael y Swyddfa Gymreig i wrthod ap\u00eal datblygwyr ar sail perygl i&#8217;r Gymraeg. Ond ym maes tai, doedd gan cynghorau bellach mo&#8217;r hawl i brynu tai.<\/p>\n<p>Aeth yr ymgyrch Nid yw Cymru ar Werth ymlaen i fod yn un o ymgyrchoedd mwyaf poblogaidd Cymdeithas yr Iaith. Penllanw&#8217;r ymgyrch oedd Alun Llwyd a Branwen Nicholas yn cael eu carcharu ddechrau&#8217;r Nawdegau, a channoedd yn mynychu ral\u00efau i gefnogi yr ymgyrch.<\/p>\n<p>Mae 30 mlynedd wedi mynd ers hynny, ac mae&#8217;r sefyllfa cynddrwg ag y bu erioed.<\/p>\n<p>Bellach mae gan Gymru ei Senedd ei hun, ond does dim camau wedi ei cymryd ganddi i atal tai haf. Fedrwch chi ddim ymyrryd yn y farchnad rydd yw&#8217;r esgus a glywn yn rheolaidd.<\/p>\n<p>Ond mae&#8217;r broblem mor ddifrifol ag erioed.<\/p>\n<p>Siaradodd Elin Hywel, Mabon ap Gwynfor a Rhys Tudur yn y rali yn Llanberis. Llynedd, yng Ngwynedd, roedd 40% o&#8217;r tai a brynwyd yn y sir yn dai haf. Fedrwch chi gredu hynny? 30 mlynedd yn \u00f4l, plant oedd Mabon, Rhys ac Elin. Yn ystod ei oes mae Rhys Tudur wedi gweld Morfa Nefyn, ei bentref genedigol, yn newid ei gymeriad \u2013 mae mwy a mwy o dai haf, a llai o bobl leol yn gallu fforddio t\u0177. Mae Covid wedi gwneud sefyllfa wael yn un drychinebus. Prin gaiff tai fod ar y farchnad cyn bod rhywun o&#8217;r tu allan wedi ei prynu i fod yn dai gwyliau neu yn dai Airbnb. Mae 60% o boblogaeth Gwynedd methu fforddio t\u0177. Mae&#8217;n fater o frys rwan i Lywodraeth Cymru wneud rhywbeth. Mae 6,000 o bobl wedi arwyddo deiseb i alw ar i&#8217;r mater gael ei drafod yn y Senedd. Oni wneir rhywbeth yn fuan, bydd yn rhy hwyr i newid y sefyllfa.<\/p>\n<p>A minnau, bellach? Wel, mi lwyddo i brynu t\u0177 ym Mhenygroes ganol y Nawdegau. T\u0177 p\u00e2r ydi o, a dwi&#8217;n cofio&#8217;r cymydog o Sais drws nesaf pan brynais i o yn edrych arna i yn go bryderus.<\/p>\n<p>\u201cI hear people like you burn English people&#8217;s houses\u201d medda fo. Finna&#8217;n deud mai peth gwirion iawn fydda rhoi matsien mewn t\u0177 os oedd hwnnw drws nesa i mi \u2013 hyd yn oed petawn i&#8217;n cytuno efo&#8217;r fath dacteg. Yn y b\u00f4n, roedd Ernie a minnau&#8217;n deall ein gilydd. Ond bu farw Ernie, a rhyw j\u00f4c wael ydi hi fod drws nesa \u2013 ers saith mlynedd bellach \u2013 yn d\u0177 haf.<\/p>\n<p>Ydi, daeth c\u00e2n Edward H wedi dod yn wir yn fy achos i. Dim ond mai o Bedford, yn hytrach na Surrey y daw&#8217;r perchnogion. Mae eisiau gras \u2018toes?<\/p>","protected":false},"excerpt":{"rendered":"<p>Ddydd Sadwrn, Tachwedd 21, cynhaliwyd tair rali &#8216;Nid yw Cymru ar Werth&#8217; gan Gymdeithas yr Iaith am broblem tai haf \u2013 yn Llanberis, Aberaeron a Chaerfyrddin. Roedden ni&#8217;n wlyb at &hellip; <\/p>\n<p class=\"link-more\"><a href=\"https:\/\/undod.cymru\/cy\/2021\/04\/07\/tai-i-gymru-nid-tai-haf\/\" class=\"more-link\">Parhau i ddarllen<span class=\"screen-reader-text\"> &#8220;Tai i Gymru, nid tai haf&#8221;<\/span><\/a><\/p>\n","protected":false},"author":9,"featured_media":1231,"comment_status":"open","ping_status":"open","sticky":false,"template":"","format":"standard","meta":{"footnotes":""},"categories":[6,160],"tags":[],"class_list":["post-1229","post","type-post","status-publish","format-standard","has-post-thumbnail","hentry","category-erthyglau","category-tai-housing","entry"],"yoast_head":"<!-- This site is optimized with the Yoast SEO plugin v27.2 - https:\/\/yoast.com\/product\/yoast-seo-wordpress\/ -->\n<title>Tai i Gymru, nid tai haf - undod<\/title>\n<meta name=\"robots\" content=\"index, follow, max-snippet:-1, max-image-preview:large, max-video-preview:-1\" \/>\n<link rel=\"canonical\" href=\"https:\/\/undod.cymru\/en\/2021\/04\/07\/tai-i-gymru-nid-tai-haf\/\" \/>\n<meta property=\"og:locale\" content=\"en_US\" \/>\n<meta property=\"og:type\" content=\"article\" \/>\n<meta property=\"og:title\" content=\"Tai i Gymru, nid tai haf - undod\" \/>\n<meta property=\"og:description\" content=\"Ddydd Sadwrn, Tachwedd 21, cynhaliwyd tair rali &#8216;Nid yw Cymru ar Werth&#8217; gan Gymdeithas yr Iaith am broblem tai haf \u2013 yn Llanberis, Aberaeron a Chaerfyrddin. Roedden ni&#8217;n wlyb at &hellip; Parhau i ddarllen &quot;Tai i Gymru, nid tai haf&quot;\" \/>\n<meta property=\"og:url\" content=\"https:\/\/undod.cymru\/cy\/2021\/04\/07\/tai-i-gymru-nid-tai-haf\/\" \/>\n<meta property=\"og:site_name\" content=\"undod\" \/>\n<meta property=\"article:publisher\" content=\"https:\/\/www.facebook.com\/undodcymru\" \/>\n<meta property=\"article:published_time\" content=\"2021-04-07T12:21:45+00:00\" \/>\n<meta property=\"article:modified_time\" content=\"2021-06-11T19:20:33+00:00\" \/>\n<meta property=\"og:image\" content=\"https:\/\/undod.cymru\/wp-content\/uploads\/2021\/04\/118617544_102167724953969_2021587840952663991_n.jpg\" \/>\n\t<meta property=\"og:image:width\" content=\"2046\" \/>\n\t<meta property=\"og:image:height\" content=\"1362\" \/>\n\t<meta property=\"og:image:type\" content=\"image\/jpeg\" \/>\n<meta name=\"author\" content=\"Angharad Tomos\" \/>\n<meta name=\"twitter:card\" content=\"summary_large_image\" \/>\n<meta name=\"twitter:creator\" content=\"@undodcymru\" \/>\n<meta name=\"twitter:site\" content=\"@undodcymru\" \/>\n<meta name=\"twitter:label1\" content=\"Written by\" \/>\n\t<meta name=\"twitter:data1\" content=\"Angharad Tomos\" \/>\n\t<meta name=\"twitter:label2\" content=\"Est. reading time\" \/>\n\t<meta name=\"twitter:data2\" content=\"5 munud\" \/>\n<script type=\"application\/ld+json\" class=\"yoast-schema-graph\">{\"@context\":\"https:\/\/schema.org\",\"@graph\":[{\"@type\":\"Article\",\"@id\":\"https:\/\/undod.cymru\/en\/2021\/04\/07\/tai-i-gymru-nid-tai-haf\/#article\",\"isPartOf\":{\"@id\":\"https:\/\/undod.cymru\/en\/2021\/04\/07\/tai-i-gymru-nid-tai-haf\/\"},\"author\":{\"name\":\"Angharad Tomos\",\"@id\":\"https:\/\/undod.cymru\/en\/#\/schema\/person\/9c759962b0be54e31626a546e681812e\"},\"headline\":\"Tai i Gymru, nid tai haf\",\"datePublished\":\"2021-04-07T12:21:45+00:00\",\"dateModified\":\"2021-06-11T19:20:33+00:00\",\"mainEntityOfPage\":{\"@id\":\"https:\/\/undod.cymru\/en\/2021\/04\/07\/tai-i-gymru-nid-tai-haf\/\"},\"wordCount\":1924,\"commentCount\":2,\"publisher\":{\"@id\":\"https:\/\/undod.cymru\/en\/#organization\"},\"image\":{\"@id\":\"https:\/\/undod.cymru\/en\/2021\/04\/07\/tai-i-gymru-nid-tai-haf\/#primaryimage\"},\"thumbnailUrl\":\"https:\/\/undod.cymru\/wp-content\/uploads\/2021\/04\/118617544_102167724953969_2021587840952663991_n.jpg\",\"articleSection\":[\"Erthyglau\",\"Tai\"],\"inLanguage\":\"cy\",\"potentialAction\":[{\"@type\":\"CommentAction\",\"name\":\"Comment\",\"target\":[\"https:\/\/undod.cymru\/en\/2021\/04\/07\/tai-i-gymru-nid-tai-haf\/#respond\"]}]},{\"@type\":\"WebPage\",\"@id\":\"https:\/\/undod.cymru\/en\/2021\/04\/07\/tai-i-gymru-nid-tai-haf\/\",\"url\":\"https:\/\/undod.cymru\/en\/2021\/04\/07\/tai-i-gymru-nid-tai-haf\/\",\"name\":\"Tai i Gymru, nid tai haf - undod\",\"isPartOf\":{\"@id\":\"https:\/\/undod.cymru\/en\/#website\"},\"primaryImageOfPage\":{\"@id\":\"https:\/\/undod.cymru\/en\/2021\/04\/07\/tai-i-gymru-nid-tai-haf\/#primaryimage\"},\"image\":{\"@id\":\"https:\/\/undod.cymru\/en\/2021\/04\/07\/tai-i-gymru-nid-tai-haf\/#primaryimage\"},\"thumbnailUrl\":\"https:\/\/undod.cymru\/wp-content\/uploads\/2021\/04\/118617544_102167724953969_2021587840952663991_n.jpg\",\"datePublished\":\"2021-04-07T12:21:45+00:00\",\"dateModified\":\"2021-06-11T19:20:33+00:00\",\"breadcrumb\":{\"@id\":\"https:\/\/undod.cymru\/en\/2021\/04\/07\/tai-i-gymru-nid-tai-haf\/#breadcrumb\"},\"inLanguage\":\"cy\",\"potentialAction\":[{\"@type\":\"ReadAction\",\"target\":[\"https:\/\/undod.cymru\/en\/2021\/04\/07\/tai-i-gymru-nid-tai-haf\/\"]}]},{\"@type\":\"ImageObject\",\"inLanguage\":\"cy\",\"@id\":\"https:\/\/undod.cymru\/en\/2021\/04\/07\/tai-i-gymru-nid-tai-haf\/#primaryimage\",\"url\":\"https:\/\/undod.cymru\/wp-content\/uploads\/2021\/04\/118617544_102167724953969_2021587840952663991_n.jpg\",\"contentUrl\":\"https:\/\/undod.cymru\/wp-content\/uploads\/2021\/04\/118617544_102167724953969_2021587840952663991_n.jpg\",\"width\":2046,\"height\":1362,\"caption\":\"Nid yw Cymru ar werth\"},{\"@type\":\"BreadcrumbList\",\"@id\":\"https:\/\/undod.cymru\/en\/2021\/04\/07\/tai-i-gymru-nid-tai-haf\/#breadcrumb\",\"itemListElement\":[{\"@type\":\"ListItem\",\"position\":1,\"name\":\"Home\",\"item\":\"https:\/\/undod.cymru\/en\/\"},{\"@type\":\"ListItem\",\"position\":2,\"name\":\"Tai i Gymru, nid tai haf\"}]},{\"@type\":\"WebSite\",\"@id\":\"https:\/\/undod.cymru\/en\/#website\",\"url\":\"https:\/\/undod.cymru\/en\/\",\"name\":\"undod\",\"description\":\"Annibyniaeth Radical i Gymru\",\"publisher\":{\"@id\":\"https:\/\/undod.cymru\/en\/#organization\"},\"potentialAction\":[{\"@type\":\"SearchAction\",\"target\":{\"@type\":\"EntryPoint\",\"urlTemplate\":\"https:\/\/undod.cymru\/en\/?s={search_term_string}\"},\"query-input\":{\"@type\":\"PropertyValueSpecification\",\"valueRequired\":true,\"valueName\":\"search_term_string\"}}],\"inLanguage\":\"cy\"},{\"@type\":\"Organization\",\"@id\":\"https:\/\/undod.cymru\/en\/#organization\",\"name\":\"undod\",\"url\":\"https:\/\/undod.cymru\/en\/\",\"logo\":{\"@type\":\"ImageObject\",\"inLanguage\":\"cy\",\"@id\":\"https:\/\/undod.cymru\/en\/#\/schema\/logo\/image\/\",\"url\":\"https:\/\/undod.cymru\/wp-content\/uploads\/2019\/07\/cropped-Undod-Eicon.png\",\"contentUrl\":\"https:\/\/undod.cymru\/wp-content\/uploads\/2019\/07\/cropped-Undod-Eicon.png\",\"width\":190,\"height\":190,\"caption\":\"undod\"},\"image\":{\"@id\":\"https:\/\/undod.cymru\/en\/#\/schema\/logo\/image\/\"},\"sameAs\":[\"https:\/\/www.facebook.com\/undodcymru\",\"https:\/\/x.com\/undodcymru\",\"https:\/\/www.instagram.com\/undodcymru\/\",\"https:\/\/www.youtube.com\/channel\/UC2p51r8PTDxeVjMyjB0FViw\"]},{\"@type\":\"Person\",\"@id\":\"https:\/\/undod.cymru\/en\/#\/schema\/person\/9c759962b0be54e31626a546e681812e\",\"name\":\"Angharad Tomos\",\"image\":{\"@type\":\"ImageObject\",\"inLanguage\":\"cy\",\"@id\":\"https:\/\/secure.gravatar.com\/avatar\/e567fc92524cc06ad82c856e93251ef3406e3213bfd7080c662ff8e4ec998075?s=96&d=mm&r=g\",\"url\":\"https:\/\/secure.gravatar.com\/avatar\/e567fc92524cc06ad82c856e93251ef3406e3213bfd7080c662ff8e4ec998075?s=96&d=mm&r=g\",\"contentUrl\":\"https:\/\/secure.gravatar.com\/avatar\/e567fc92524cc06ad82c856e93251ef3406e3213bfd7080c662ff8e4ec998075?s=96&d=mm&r=g\",\"caption\":\"Angharad Tomos\"},\"url\":\"https:\/\/undod.cymru\/cy\/author\/angharadtomos\/\"}]}<\/script>\n<!-- \/ Yoast SEO plugin. -->","yoast_head_json":{"title":"Tai i Gymru, nid tai haf - undod","robots":{"index":"index","follow":"follow","max-snippet":"max-snippet:-1","max-image-preview":"max-image-preview:large","max-video-preview":"max-video-preview:-1"},"canonical":"https:\/\/undod.cymru\/en\/2021\/04\/07\/tai-i-gymru-nid-tai-haf\/","og_locale":"en_US","og_type":"article","og_title":"Tai i Gymru, nid tai haf - undod","og_description":"Ddydd Sadwrn, Tachwedd 21, cynhaliwyd tair rali &#8216;Nid yw Cymru ar Werth&#8217; gan Gymdeithas yr Iaith am broblem tai haf \u2013 yn Llanberis, Aberaeron a Chaerfyrddin. Roedden ni&#8217;n wlyb at &hellip; Parhau i ddarllen \"Tai i Gymru, nid tai haf\"","og_url":"https:\/\/undod.cymru\/cy\/2021\/04\/07\/tai-i-gymru-nid-tai-haf\/","og_site_name":"undod","article_publisher":"https:\/\/www.facebook.com\/undodcymru","article_published_time":"2021-04-07T12:21:45+00:00","article_modified_time":"2021-06-11T19:20:33+00:00","og_image":[{"width":2046,"height":1362,"url":"https:\/\/undod.cymru\/wp-content\/uploads\/2021\/04\/118617544_102167724953969_2021587840952663991_n.jpg","type":"image\/jpeg"}],"author":"Angharad Tomos","twitter_card":"summary_large_image","twitter_creator":"@undodcymru","twitter_site":"@undodcymru","twitter_misc":{"Written by":"Angharad Tomos","Est. reading time":"5 munud"},"schema":{"@context":"https:\/\/schema.org","@graph":[{"@type":"Article","@id":"https:\/\/undod.cymru\/en\/2021\/04\/07\/tai-i-gymru-nid-tai-haf\/#article","isPartOf":{"@id":"https:\/\/undod.cymru\/en\/2021\/04\/07\/tai-i-gymru-nid-tai-haf\/"},"author":{"name":"Angharad Tomos","@id":"https:\/\/undod.cymru\/en\/#\/schema\/person\/9c759962b0be54e31626a546e681812e"},"headline":"Tai i Gymru, nid tai haf","datePublished":"2021-04-07T12:21:45+00:00","dateModified":"2021-06-11T19:20:33+00:00","mainEntityOfPage":{"@id":"https:\/\/undod.cymru\/en\/2021\/04\/07\/tai-i-gymru-nid-tai-haf\/"},"wordCount":1924,"commentCount":2,"publisher":{"@id":"https:\/\/undod.cymru\/en\/#organization"},"image":{"@id":"https:\/\/undod.cymru\/en\/2021\/04\/07\/tai-i-gymru-nid-tai-haf\/#primaryimage"},"thumbnailUrl":"https:\/\/undod.cymru\/wp-content\/uploads\/2021\/04\/118617544_102167724953969_2021587840952663991_n.jpg","articleSection":["Erthyglau","Tai"],"inLanguage":"cy","potentialAction":[{"@type":"CommentAction","name":"Comment","target":["https:\/\/undod.cymru\/en\/2021\/04\/07\/tai-i-gymru-nid-tai-haf\/#respond"]}]},{"@type":"WebPage","@id":"https:\/\/undod.cymru\/en\/2021\/04\/07\/tai-i-gymru-nid-tai-haf\/","url":"https:\/\/undod.cymru\/en\/2021\/04\/07\/tai-i-gymru-nid-tai-haf\/","name":"Tai i Gymru, nid tai haf - undod","isPartOf":{"@id":"https:\/\/undod.cymru\/en\/#website"},"primaryImageOfPage":{"@id":"https:\/\/undod.cymru\/en\/2021\/04\/07\/tai-i-gymru-nid-tai-haf\/#primaryimage"},"image":{"@id":"https:\/\/undod.cymru\/en\/2021\/04\/07\/tai-i-gymru-nid-tai-haf\/#primaryimage"},"thumbnailUrl":"https:\/\/undod.cymru\/wp-content\/uploads\/2021\/04\/118617544_102167724953969_2021587840952663991_n.jpg","datePublished":"2021-04-07T12:21:45+00:00","dateModified":"2021-06-11T19:20:33+00:00","breadcrumb":{"@id":"https:\/\/undod.cymru\/en\/2021\/04\/07\/tai-i-gymru-nid-tai-haf\/#breadcrumb"},"inLanguage":"cy","potentialAction":[{"@type":"ReadAction","target":["https:\/\/undod.cymru\/en\/2021\/04\/07\/tai-i-gymru-nid-tai-haf\/"]}]},{"@type":"ImageObject","inLanguage":"cy","@id":"https:\/\/undod.cymru\/en\/2021\/04\/07\/tai-i-gymru-nid-tai-haf\/#primaryimage","url":"https:\/\/undod.cymru\/wp-content\/uploads\/2021\/04\/118617544_102167724953969_2021587840952663991_n.jpg","contentUrl":"https:\/\/undod.cymru\/wp-content\/uploads\/2021\/04\/118617544_102167724953969_2021587840952663991_n.jpg","width":2046,"height":1362,"caption":"Nid yw Cymru ar werth"},{"@type":"BreadcrumbList","@id":"https:\/\/undod.cymru\/en\/2021\/04\/07\/tai-i-gymru-nid-tai-haf\/#breadcrumb","itemListElement":[{"@type":"ListItem","position":1,"name":"Home","item":"https:\/\/undod.cymru\/en\/"},{"@type":"ListItem","position":2,"name":"Tai i Gymru, nid tai haf"}]},{"@type":"WebSite","@id":"https:\/\/undod.cymru\/en\/#website","url":"https:\/\/undod.cymru\/en\/","name":"undod","description":"Annibyniaeth Radical i Gymru","publisher":{"@id":"https:\/\/undod.cymru\/en\/#organization"},"potentialAction":[{"@type":"SearchAction","target":{"@type":"EntryPoint","urlTemplate":"https:\/\/undod.cymru\/en\/?s={search_term_string}"},"query-input":{"@type":"PropertyValueSpecification","valueRequired":true,"valueName":"search_term_string"}}],"inLanguage":"cy"},{"@type":"Organization","@id":"https:\/\/undod.cymru\/en\/#organization","name":"undod","url":"https:\/\/undod.cymru\/en\/","logo":{"@type":"ImageObject","inLanguage":"cy","@id":"https:\/\/undod.cymru\/en\/#\/schema\/logo\/image\/","url":"https:\/\/undod.cymru\/wp-content\/uploads\/2019\/07\/cropped-Undod-Eicon.png","contentUrl":"https:\/\/undod.cymru\/wp-content\/uploads\/2019\/07\/cropped-Undod-Eicon.png","width":190,"height":190,"caption":"undod"},"image":{"@id":"https:\/\/undod.cymru\/en\/#\/schema\/logo\/image\/"},"sameAs":["https:\/\/www.facebook.com\/undodcymru","https:\/\/x.com\/undodcymru","https:\/\/www.instagram.com\/undodcymru\/","https:\/\/www.youtube.com\/channel\/UC2p51r8PTDxeVjMyjB0FViw"]},{"@type":"Person","@id":"https:\/\/undod.cymru\/en\/#\/schema\/person\/9c759962b0be54e31626a546e681812e","name":"Angharad Tomos","image":{"@type":"ImageObject","inLanguage":"cy","@id":"https:\/\/secure.gravatar.com\/avatar\/e567fc92524cc06ad82c856e93251ef3406e3213bfd7080c662ff8e4ec998075?s=96&d=mm&r=g","url":"https:\/\/secure.gravatar.com\/avatar\/e567fc92524cc06ad82c856e93251ef3406e3213bfd7080c662ff8e4ec998075?s=96&d=mm&r=g","contentUrl":"https:\/\/secure.gravatar.com\/avatar\/e567fc92524cc06ad82c856e93251ef3406e3213bfd7080c662ff8e4ec998075?s=96&d=mm&r=g","caption":"Angharad Tomos"},"url":"https:\/\/undod.cymru\/cy\/author\/angharadtomos\/"}]}},"_links":{"self":[{"href":"https:\/\/undod.cymru\/cy\/wp-json\/wp\/v2\/posts\/1229","targetHints":{"allow":["GET"]}}],"collection":[{"href":"https:\/\/undod.cymru\/cy\/wp-json\/wp\/v2\/posts"}],"about":[{"href":"https:\/\/undod.cymru\/cy\/wp-json\/wp\/v2\/types\/post"}],"author":[{"embeddable":true,"href":"https:\/\/undod.cymru\/cy\/wp-json\/wp\/v2\/users\/9"}],"replies":[{"embeddable":true,"href":"https:\/\/undod.cymru\/cy\/wp-json\/wp\/v2\/comments?post=1229"}],"version-history":[{"count":3,"href":"https:\/\/undod.cymru\/cy\/wp-json\/wp\/v2\/posts\/1229\/revisions"}],"predecessor-version":[{"id":1234,"href":"https:\/\/undod.cymru\/cy\/wp-json\/wp\/v2\/posts\/1229\/revisions\/1234"}],"wp:featuredmedia":[{"embeddable":true,"href":"https:\/\/undod.cymru\/cy\/wp-json\/wp\/v2\/media\/1231"}],"wp:attachment":[{"href":"https:\/\/undod.cymru\/cy\/wp-json\/wp\/v2\/media?parent=1229"}],"wp:term":[{"taxonomy":"category","embeddable":true,"href":"https:\/\/undod.cymru\/cy\/wp-json\/wp\/v2\/categories?post=1229"},{"taxonomy":"post_tag","embeddable":true,"href":"https:\/\/undod.cymru\/cy\/wp-json\/wp\/v2\/tags?post=1229"}],"curies":[{"name":"wp","href":"https:\/\/api.w.org\/{rel}","templated":true}]}}