{"id":1574,"date":"2026-05-02T02:04:36","date_gmt":"2026-05-02T01:04:36","guid":{"rendered":"https:\/\/undod.cymru\/?p=1574"},"modified":"2026-05-02T02:04:36","modified_gmt":"2026-05-02T01:04:36","slug":"ein-pobl-yw-ein-cryfder-rhai-or-rhestrau-chris-evans","status":"publish","type":"post","link":"https:\/\/undod.cymru\/cy\/2026\/05\/02\/ein-pobl-yw-ein-cryfder-rhai-or-rhestrau-chris-evans\/","title":{"rendered":"&#8221;Ein Pobl yw Ein Cryfder&#8221; &#8211; Rhai o&#8217;r Rhestrau: Chris Evans"},"content":{"rendered":"<p><\/p>\n<h5>Yn ein hail holiadur gydag Ymgeiswyr i&#8217;r Senedd, rydym yn symud o&#8217;r Gogledd Ddwyrain i&#8217;r De Orllewin i gwrdd ag un o&#8217;r Gwyrddion, Chris Evans.<\/h5>\n<p><img loading=\"lazy\" decoding=\"async\" class=\"alignnone size-full wp-image-1575 aligncenter\" src=\"https:\/\/undod.cymru\/wp-content\/uploads\/2026\/05\/Chris-Evans.jpg\" alt=\"\" width=\"138\" height=\"159\" \/><\/p>\n<blockquote><p>&#8220;Yma yng Nghymru, ein pobl yw ein cryfder. Os ydym yn buddsoddi ynddynt, yn rhoi&#8217;r cyfleoedd cywir iddynt ar gyfer y dyfodol ac yn sicrhau ein bod ni&#8217;n eu dyrchafu yna gallwn ni i gyd gael dyfodol cwbl gynaliadwy a mwy disglair.&#8221;<\/p><\/blockquote>\n<p><strong>U:<\/strong> Ble wyt ti&#8217;n sefyll ac beth mae&#8217;r lle hwnnw&#8217;n ei olygu i ti, ac sut mae&#8217;r etholaethau newydd yn cyflwyno her?<\/p>\n<p><strong>CE:<\/strong> G\u0175yr Abertawe. Fy nghartref. Fe&#8217;m ganwyd a magwyd yn Brynhyfryd, cyn symud i West Cross yn 15 oed. Rwy&#8217;n credu mae&#8217;n gofyn symud i ffwrdd am gyfnod er mwyn wir gwerthfawrogi yr hyn sydd gennym yma. Rwyf wastad wedi byw yn agos at y m\u00f4r yn Sbaen, Portiwgal ac yng Nghymru, ac wedi gweld ei eisiau&#8217;n fawr yn ystod fy amser yn Glasgow.<\/p>\n<p>Yn syml, y prif fater gyda&#8217;r etholaethau newydd i&#8217;r Gwyrddion yw&#8217;r maint. Fel plaid sy&#8217;n cael ei hariannu gan ei haelodau, nid oes gennym yr un sgop \u00e2&#8217;r pleidiau sydd wedi&#8217;u hariannu gan gorfforaethau felly mae&#8217;n rhaid i ni fod yn ddetholus iawn er mwyn cyfleu ein neges a&#8217;n syniadau mewn modd mor effeithiol \u00e2 phosibl. Pan gewch chi&#8217;ch arian gan iechyd preifat a chwmn\u00efau nwy ac olew mawr fel Llafur a Reform, nid oes gennych yr un math o rym cyfathrebu. Fodd bynnag, rydym wedi dod yn eithaf da o ran gwneud y mwyaf o&#8217;n sefyllfa a chystadlu gyda&#8217;r mawrion &#8211; a rydym yn dawel hyderus &#8211; heb fod yn hunanfodlon &#8211; ynghylch ein gobeithion yma yn Abertawe.<\/p>\n<p><strong>U:<\/strong> Pa fath o wleidyddiaeth rydych chi wedi cyfrannu ati \u2013 boed fel rhan o blaid neu fel arall \u2013 ac oes unrhyw gyflawniadau penodol rydych chi\u2019n falch ohonynt?<\/p>\n<p><strong>CE:<\/strong> Ymunais \u00e2\u2019r Gwyrddion yn 2015 ar \u00f4l i\u2019r darllen ar gyfer fy nhraethawd Meistr agor fy llygaid i\u2019r nifer o argyfyngau y mae&#8217;r ddynoliaeth yn eu hwynebu, ond nad ydym fel pe baem yn eu sylwi. Yna deuthum yn Gynghorydd Sir yn 2022 i ward Mayals, y gwleidydd Gwyrdd cyntaf erioed ar Gyngor Abertawe. Arweiniais hefyd y cynnig cyntaf erioed i ddatganoli Ystad y Goron yng Nghymru, a llwyddais i\u2019w basio. Ar \u00f4l i ni basio hwnnw yma yn Abertawe, pasiodd pob un o\u2019r 22 o gynghorau sir yng Nghymru gynnig tebyg. Mae\u2019n dangos bod y Gwyrddion yn cyflawni pethau ac yn arloeswyr pan gawn ein hethol. Nid oedd eraill wedi ystyried y fath beth, ond unwaith iddynt gael eu hysbrydoli gennym ni, roeddent yn gweithredu. Dyma\u2019n union y math o beth y bydd Gwyrddion yn y Senedd yn gallu ei wneud: er enghraifft, pwyso ar Blaid Cymru i wthio&#8217;r ffiniau.<\/p>\n<p><strong>U:<\/strong> I ba ysgol aethoch chi? Oedd unrhyw wersi bywyd o\u2019r profiad rydych chi\u2019n teimlo sy\u2019n bwysig mewn gwleidyddiaeth?<\/p>\n<p><strong>CE: <\/strong>Ysgol Fabanod a Chynradd Brynhyfryd ac yna Ysgol Gyfun Pentrehafod. Byddwn i&#8217;n dweud wrth unrhyw un o&#8217;r bobl ifanc mewn ysgolion yn ardaloedd llai breintiedig Cymru bod modd ymwneud \u00e2 gwleidyddiaeth neu unrhyw faes arall o&#8217;u dewis, a gwneud gwahaniaeth cadarnhaol. Weithiau gall ymddangos nad oes dyfodol a bod pethau&#8217;n edrych yn llwm, ond credwch ynoch chi&#8217;ch hun, byddwch y newid cadarnhaol hwnnw a pheidiwch ag ofni gofyn am help.<\/p>\n<p><strong>U:<\/strong> \u2060\u00a0\u2060Beth am eich bywyd y tu allan i wleidyddiaeth, unrhyw brofiadau neu swyddi o bwys sydd wedi\u2019ch llunio? Profiadau\/Mewnwelediad neu arbenigedd sydd o gymorth mawr ichi?<\/p>\n<p><strong>CE:<\/strong> Mae&#8217;r rhan fwyaf o fy swyddi wedi bod mewn gwasanaeth cwsmeriaid. Yma yng Nghymru, ein pobl yw ein cryfder. Os ydym yn buddsoddi ynddynt, yn rhoi&#8217;r cyfleoedd cywir iddynt ar gyfer y dyfodol ac yn sicrhau ein bod ni&#8217;n eu dyrchafu &#8211; tra hefyd yn datrys y nifer o heriau ecolegol sy&#8217;n ein hwynebu &#8211; yna gallwn ni i gyd gael dyfodol cwbl gynaliadwy a mwy disglair.<\/p>\n<p>Hefyd, mi es ar daith gerdded elusennol ar ben fy hun unwaith o Gas-gwent i Dyddewi ar hyd Llwybr Arfordir Cymru, pan oedd fy merch yn iau. Roedd digon o amser i hunanfyfyrio a meddwl am y dyfodol, ond roedd hefyd yn bythefnos unig iawn. Cwympodd y geiniog y gall unigedd fod yn hynod niweidiol ac, i grwpiau penodol yn y gymdeithas, gall hynny fod eu profiad beunyddiol. Am y rheswm hwn, rwy&#8217;n credu bod adeiladu cymunedau yn hynod bwysig, ac rwy&#8217;n ofni bod cyfryngau &#8220;cymdeithasol&#8221; a rhai pleidiau yn creu rhwygiadau, ac yn cynyddu ynysu cymdeithasol yn ddiangen, a dylem ymladd yn erbyn hynny cymaint ag y gallwn.<\/p>\n<p><strong>U:<\/strong> Beth sydd bwysicaf am wleidyddiaeth yn eich barn chi, ac os cewch chi eich hun beth fydd eich blaenoriaeth?<\/p>\n<p>Helpu pobl a&#8217;r blaned. Fel Cynghorydd, rwyf wedi ceisio canolbwyntio ar yr elfen gwaith achos, sydd, dweden i, yn gyfystyr \u00e2 90% o fy amser. Os gallwch chi gweithredu&#8217;r newidiadau cadarnhaol hynny ar gyfer pobl a chymunedau, yna rwy&#8217;n teimlo bod hynny&#8217;n waith gwerth chweil. Rwy&#8217;n credu y byddai hynny&#8217;r un peth pe bawn i&#8217;n cael fy ethol i&#8217;r Senedd: dylem fod yno i wneud bywydau pobl yn well, a dyna fydd fy ffocws.<\/p>\n<p><strong>U:<\/strong> \u2060Fel ymgeisydd Gwyrdd, beth yw eich barn yn fras ar annibyniaeth i Gymru, sut y dylid mynd ati, sut mae\u2019n ymwneud \u00e2 blaenoriaethau eraill ac ati?<\/p>\n<p>Rwy&#8217;n ei gefnogi&#8217;n llwyr ac yn aelod o YesCymru. Yn y Senedd gyntaf hon lle efallai bydd gennym fwyafrif annibynnol, rwy&#8217;n credu y gallai fod gormod i&#8217;w atgyweirio yn gyntaf, cyn y gallwn fynd ati&#8217;n iawn. Aeth yr SNP amdani yn eu hail dymor yn Holyrood ac rwy&#8217;n credu y gallai hynny fod yn opsiwn mwy synhwyrol. Mae llawer i&#8217;w wneud yn gyntaf o ran cadw t\u0177.<\/p>\n<p>Yr eliffant yn yr ystafell yw&#8217;r posibilad o Farage yn cael ei ethol yn Brif Weinidog yn 2029 gan Loegr, ac yn ceisio diddymu&#8217;r Senedd yn erbyn ewyllys pobl Cymru. Ydyn ni wedyn yn cynnal refferendwm ac os yn llwyddiannus, yn datgan annibyniaeth heb ganiat\u00e2d Llundain? Bydd yn gyfnod diddorol.<\/p>\n<p><strong>U:<\/strong> \u00a0A phan nad ydych chi wrthi\u2019n gwleidydda ble byddem ni\u2019n dod o hyd i chi a beth byddech chi\u2019n debyg o fod yn gwneud?<\/p>\n<p>Mae gan fy merch ASD ac rydym yn treulio llawer o amser gyda&#8217;n gilydd, gan ei helpu i gymdeithasu a dod i arfer \u00e2 sefyllfaoedd cymdeithasol. Rydym ni&#8217;n dau wrth ein bodd \u00e2 chyngherddau roc felly mae hi bob amser yn gofyn am docynnau ar gyfer y Nadolig a phenblwyddi, ac mae gennym ni dipyn wedi&#8217;u trefnu. Dydw i ddim wedi gweld Metallica ers y 90au felly bydd hynny&#8217;n wych. Rydw i hefyd wrth fy modd yn cerdded, yn enwedig ar Benrhyn G\u0175yr, a dydw i ddim o reidrwydd yn dweud na i beint ar y diwedd!! Os gai hefyd cynnig hysbys digywilydd braidd\u00a0 i \u0174yl Gerdded Penrhyn G\u0175yr, sydd \u00e2 rhai teithiau cerdded gwych eto eleni.<\/p>\n<p>&nbsp;<\/p>","protected":false},"excerpt":{"rendered":"<p>Yn ein hail holiadur gydag Ymgeiswyr i&#8217;r Senedd, rydym yn symud o&#8217;r Gogledd Ddwyrain i&#8217;r De Orllewin i gwrdd ag un o&#8217;r Gwyrddion, Chris Evans. &#8220;Yma yng Nghymru, ein pobl &hellip; <\/p>\n<p class=\"link-more\"><a href=\"https:\/\/undod.cymru\/cy\/2026\/05\/02\/ein-pobl-yw-ein-cryfder-rhai-or-rhestrau-chris-evans\/\" class=\"more-link\">Parhau i ddarllen<span class=\"screen-reader-text\"> &#8220;&#8221;Ein Pobl yw Ein Cryfder&#8221; &#8211; Rhai o&#8217;r Rhestrau: Chris Evans&#8221;<\/span><\/a><\/p>\n","protected":false},"author":1,"featured_media":1576,"comment_status":"open","ping_status":"open","sticky":false,"template":"","format":"standard","meta":{"footnotes":""},"categories":[1],"tags":[],"class_list":["post-1574","post","type-post","status-publish","format-standard","has-post-thumbnail","hentry","category-heb-gategori","entry"],"yoast_head":"<!-- This site is optimized with the Yoast SEO plugin v27.2 - https:\/\/yoast.com\/product\/yoast-seo-wordpress\/ -->\n<title>&quot;Ein Pobl yw Ein Cryfder&quot; - Rhai o&#039;r Rhestrau: Chris Evans - undod<\/title>\n<meta name=\"robots\" content=\"index, follow, max-snippet:-1, max-image-preview:large, max-video-preview:-1\" \/>\n<link rel=\"canonical\" href=\"https:\/\/undod.cymru\/2026\/05\/02\/ein-pobl-yw-ein-cryfder-rhai-or-rhestrau-chris-evans\/\" \/>\n<meta property=\"og:locale\" content=\"en_US\" \/>\n<meta property=\"og:type\" content=\"article\" \/>\n<meta property=\"og:title\" content=\"&quot;Ein Pobl yw Ein Cryfder&quot; - Rhai o&#039;r Rhestrau: Chris Evans - undod\" \/>\n<meta property=\"og:description\" content=\"Yn ein hail holiadur gydag Ymgeiswyr i&#8217;r Senedd, rydym yn symud o&#8217;r Gogledd Ddwyrain i&#8217;r De Orllewin i gwrdd ag un o&#8217;r Gwyrddion, Chris Evans. &#8220;Yma yng Nghymru, ein pobl &hellip; Parhau i ddarllen &quot;&#8221;Ein Pobl yw Ein Cryfder&#8221; &#8211; Rhai o&#8217;r Rhestrau: Chris Evans&quot;\" \/>\n<meta property=\"og:url\" content=\"https:\/\/undod.cymru\/cy\/2026\/05\/02\/ein-pobl-yw-ein-cryfder-rhai-or-rhestrau-chris-evans\/\" \/>\n<meta property=\"og:site_name\" content=\"undod\" \/>\n<meta property=\"article:publisher\" content=\"https:\/\/www.facebook.com\/undodcymru\" \/>\n<meta property=\"article:published_time\" content=\"2026-05-02T01:04:36+00:00\" \/>\n<meta property=\"og:image\" content=\"https:\/\/undod.cymru\/wp-content\/uploads\/2026\/05\/CHris-Evans-1.jpg\" \/>\n\t<meta property=\"og:image:width\" content=\"1362\" \/>\n\t<meta property=\"og:image:height\" content=\"1669\" \/>\n\t<meta property=\"og:image:type\" content=\"image\/jpeg\" \/>\n<meta name=\"author\" content=\"Undod\" \/>\n<meta name=\"twitter:card\" content=\"summary_large_image\" \/>\n<meta name=\"twitter:creator\" content=\"@undodcymru\" \/>\n<meta name=\"twitter:site\" content=\"@undodcymru\" \/>\n<meta name=\"twitter:label1\" content=\"Written by\" \/>\n\t<meta name=\"twitter:data1\" content=\"Undod\" \/>\n\t<meta name=\"twitter:label2\" content=\"Est. reading time\" \/>\n\t<meta name=\"twitter:data2\" content=\"6 munud\" \/>\n<script type=\"application\/ld+json\" class=\"yoast-schema-graph\">{\"@context\":\"https:\/\/schema.org\",\"@graph\":[{\"@type\":\"Article\",\"@id\":\"https:\/\/undod.cymru\/2026\/05\/02\/ein-pobl-yw-ein-cryfder-rhai-or-rhestrau-chris-evans\/#article\",\"isPartOf\":{\"@id\":\"https:\/\/undod.cymru\/2026\/05\/02\/ein-pobl-yw-ein-cryfder-rhai-or-rhestrau-chris-evans\/\"},\"author\":{\"name\":\"Undod\",\"@id\":\"https:\/\/undod.cymru\/en\/#\/schema\/person\/64898897482e6fd169018b684328ec4e\"},\"headline\":\"&#8221;Ein Pobl yw Ein Cryfder&#8221; &#8211; Rhai o&#8217;r Rhestrau: Chris Evans\",\"datePublished\":\"2026-05-02T01:04:36+00:00\",\"mainEntityOfPage\":{\"@id\":\"https:\/\/undod.cymru\/2026\/05\/02\/ein-pobl-yw-ein-cryfder-rhai-or-rhestrau-chris-evans\/\"},\"wordCount\":2268,\"commentCount\":0,\"publisher\":{\"@id\":\"https:\/\/undod.cymru\/en\/#organization\"},\"image\":{\"@id\":\"https:\/\/undod.cymru\/2026\/05\/02\/ein-pobl-yw-ein-cryfder-rhai-or-rhestrau-chris-evans\/#primaryimage\"},\"thumbnailUrl\":\"https:\/\/undod.cymru\/wp-content\/uploads\/2026\/05\/CHris-Evans-1.jpg\",\"articleSection\":[\"Heb gategori\"],\"inLanguage\":\"cy\",\"potentialAction\":[{\"@type\":\"CommentAction\",\"name\":\"Comment\",\"target\":[\"https:\/\/undod.cymru\/2026\/05\/02\/ein-pobl-yw-ein-cryfder-rhai-or-rhestrau-chris-evans\/#respond\"]}]},{\"@type\":\"WebPage\",\"@id\":\"https:\/\/undod.cymru\/2026\/05\/02\/ein-pobl-yw-ein-cryfder-rhai-or-rhestrau-chris-evans\/\",\"url\":\"https:\/\/undod.cymru\/2026\/05\/02\/ein-pobl-yw-ein-cryfder-rhai-or-rhestrau-chris-evans\/\",\"name\":\"\\\"Ein Pobl yw Ein Cryfder\\\" - Rhai o'r Rhestrau: Chris Evans - undod\",\"isPartOf\":{\"@id\":\"https:\/\/undod.cymru\/en\/#website\"},\"primaryImageOfPage\":{\"@id\":\"https:\/\/undod.cymru\/2026\/05\/02\/ein-pobl-yw-ein-cryfder-rhai-or-rhestrau-chris-evans\/#primaryimage\"},\"image\":{\"@id\":\"https:\/\/undod.cymru\/2026\/05\/02\/ein-pobl-yw-ein-cryfder-rhai-or-rhestrau-chris-evans\/#primaryimage\"},\"thumbnailUrl\":\"https:\/\/undod.cymru\/wp-content\/uploads\/2026\/05\/CHris-Evans-1.jpg\",\"datePublished\":\"2026-05-02T01:04:36+00:00\",\"breadcrumb\":{\"@id\":\"https:\/\/undod.cymru\/2026\/05\/02\/ein-pobl-yw-ein-cryfder-rhai-or-rhestrau-chris-evans\/#breadcrumb\"},\"inLanguage\":\"cy\",\"potentialAction\":[{\"@type\":\"ReadAction\",\"target\":[\"https:\/\/undod.cymru\/2026\/05\/02\/ein-pobl-yw-ein-cryfder-rhai-or-rhestrau-chris-evans\/\"]}]},{\"@type\":\"ImageObject\",\"inLanguage\":\"cy\",\"@id\":\"https:\/\/undod.cymru\/2026\/05\/02\/ein-pobl-yw-ein-cryfder-rhai-or-rhestrau-chris-evans\/#primaryimage\",\"url\":\"https:\/\/undod.cymru\/wp-content\/uploads\/2026\/05\/CHris-Evans-1.jpg\",\"contentUrl\":\"https:\/\/undod.cymru\/wp-content\/uploads\/2026\/05\/CHris-Evans-1.jpg\",\"width\":1362,\"height\":1669},{\"@type\":\"BreadcrumbList\",\"@id\":\"https:\/\/undod.cymru\/2026\/05\/02\/ein-pobl-yw-ein-cryfder-rhai-or-rhestrau-chris-evans\/#breadcrumb\",\"itemListElement\":[{\"@type\":\"ListItem\",\"position\":1,\"name\":\"Home\",\"item\":\"https:\/\/undod.cymru\/en\/\"},{\"@type\":\"ListItem\",\"position\":2,\"name\":\"&#8220;Ein Pobl yw Ein Cryfder&#8221; &#8211; Rhai o&#8217;r Rhestrau: Chris Evans\"}]},{\"@type\":\"WebSite\",\"@id\":\"https:\/\/undod.cymru\/en\/#website\",\"url\":\"https:\/\/undod.cymru\/en\/\",\"name\":\"undod\",\"description\":\"Annibyniaeth Radical i Gymru\",\"publisher\":{\"@id\":\"https:\/\/undod.cymru\/en\/#organization\"},\"potentialAction\":[{\"@type\":\"SearchAction\",\"target\":{\"@type\":\"EntryPoint\",\"urlTemplate\":\"https:\/\/undod.cymru\/en\/?s={search_term_string}\"},\"query-input\":{\"@type\":\"PropertyValueSpecification\",\"valueRequired\":true,\"valueName\":\"search_term_string\"}}],\"inLanguage\":\"cy\"},{\"@type\":\"Organization\",\"@id\":\"https:\/\/undod.cymru\/en\/#organization\",\"name\":\"undod\",\"url\":\"https:\/\/undod.cymru\/en\/\",\"logo\":{\"@type\":\"ImageObject\",\"inLanguage\":\"cy\",\"@id\":\"https:\/\/undod.cymru\/en\/#\/schema\/logo\/image\/\",\"url\":\"https:\/\/undod.cymru\/wp-content\/uploads\/2019\/07\/cropped-Undod-Eicon.png\",\"contentUrl\":\"https:\/\/undod.cymru\/wp-content\/uploads\/2019\/07\/cropped-Undod-Eicon.png\",\"width\":190,\"height\":190,\"caption\":\"undod\"},\"image\":{\"@id\":\"https:\/\/undod.cymru\/en\/#\/schema\/logo\/image\/\"},\"sameAs\":[\"https:\/\/www.facebook.com\/undodcymru\",\"https:\/\/x.com\/undodcymru\",\"https:\/\/www.instagram.com\/undodcymru\/\",\"https:\/\/www.youtube.com\/channel\/UC2p51r8PTDxeVjMyjB0FViw\"]},{\"@type\":\"Person\",\"@id\":\"https:\/\/undod.cymru\/en\/#\/schema\/person\/64898897482e6fd169018b684328ec4e\",\"name\":\"Undod\",\"image\":{\"@type\":\"ImageObject\",\"inLanguage\":\"cy\",\"@id\":\"https:\/\/secure.gravatar.com\/avatar\/ce0b6535b657764bdba3be40bf9acf37705ae25f41c612d18e94f00c13570330?s=96&d=mm&r=g\",\"url\":\"https:\/\/secure.gravatar.com\/avatar\/ce0b6535b657764bdba3be40bf9acf37705ae25f41c612d18e94f00c13570330?s=96&d=mm&r=g\",\"contentUrl\":\"https:\/\/secure.gravatar.com\/avatar\/ce0b6535b657764bdba3be40bf9acf37705ae25f41c612d18e94f00c13570330?s=96&d=mm&r=g\",\"caption\":\"Undod\"},\"url\":\"https:\/\/undod.cymru\/cy\/author\/undod\/\"}]}<\/script>\n<!-- \/ Yoast SEO plugin. -->","yoast_head_json":{"title":"\"Ein Pobl yw Ein Cryfder\" - Rhai o'r Rhestrau: Chris Evans - undod","robots":{"index":"index","follow":"follow","max-snippet":"max-snippet:-1","max-image-preview":"max-image-preview:large","max-video-preview":"max-video-preview:-1"},"canonical":"https:\/\/undod.cymru\/2026\/05\/02\/ein-pobl-yw-ein-cryfder-rhai-or-rhestrau-chris-evans\/","og_locale":"en_US","og_type":"article","og_title":"\"Ein Pobl yw Ein Cryfder\" - Rhai o'r Rhestrau: Chris Evans - undod","og_description":"Yn ein hail holiadur gydag Ymgeiswyr i&#8217;r Senedd, rydym yn symud o&#8217;r Gogledd Ddwyrain i&#8217;r De Orllewin i gwrdd ag un o&#8217;r Gwyrddion, Chris Evans. &#8220;Yma yng Nghymru, ein pobl &hellip; Parhau i ddarllen \"&#8221;Ein Pobl yw Ein Cryfder&#8221; &#8211; Rhai o&#8217;r Rhestrau: Chris Evans\"","og_url":"https:\/\/undod.cymru\/cy\/2026\/05\/02\/ein-pobl-yw-ein-cryfder-rhai-or-rhestrau-chris-evans\/","og_site_name":"undod","article_publisher":"https:\/\/www.facebook.com\/undodcymru","article_published_time":"2026-05-02T01:04:36+00:00","og_image":[{"width":1362,"height":1669,"url":"https:\/\/undod.cymru\/wp-content\/uploads\/2026\/05\/CHris-Evans-1.jpg","type":"image\/jpeg"}],"author":"Undod","twitter_card":"summary_large_image","twitter_creator":"@undodcymru","twitter_site":"@undodcymru","twitter_misc":{"Written by":"Undod","Est. reading time":"6 munud"},"schema":{"@context":"https:\/\/schema.org","@graph":[{"@type":"Article","@id":"https:\/\/undod.cymru\/2026\/05\/02\/ein-pobl-yw-ein-cryfder-rhai-or-rhestrau-chris-evans\/#article","isPartOf":{"@id":"https:\/\/undod.cymru\/2026\/05\/02\/ein-pobl-yw-ein-cryfder-rhai-or-rhestrau-chris-evans\/"},"author":{"name":"Undod","@id":"https:\/\/undod.cymru\/en\/#\/schema\/person\/64898897482e6fd169018b684328ec4e"},"headline":"&#8221;Ein Pobl yw Ein Cryfder&#8221; &#8211; Rhai o&#8217;r Rhestrau: Chris Evans","datePublished":"2026-05-02T01:04:36+00:00","mainEntityOfPage":{"@id":"https:\/\/undod.cymru\/2026\/05\/02\/ein-pobl-yw-ein-cryfder-rhai-or-rhestrau-chris-evans\/"},"wordCount":2268,"commentCount":0,"publisher":{"@id":"https:\/\/undod.cymru\/en\/#organization"},"image":{"@id":"https:\/\/undod.cymru\/2026\/05\/02\/ein-pobl-yw-ein-cryfder-rhai-or-rhestrau-chris-evans\/#primaryimage"},"thumbnailUrl":"https:\/\/undod.cymru\/wp-content\/uploads\/2026\/05\/CHris-Evans-1.jpg","articleSection":["Heb gategori"],"inLanguage":"cy","potentialAction":[{"@type":"CommentAction","name":"Comment","target":["https:\/\/undod.cymru\/2026\/05\/02\/ein-pobl-yw-ein-cryfder-rhai-or-rhestrau-chris-evans\/#respond"]}]},{"@type":"WebPage","@id":"https:\/\/undod.cymru\/2026\/05\/02\/ein-pobl-yw-ein-cryfder-rhai-or-rhestrau-chris-evans\/","url":"https:\/\/undod.cymru\/2026\/05\/02\/ein-pobl-yw-ein-cryfder-rhai-or-rhestrau-chris-evans\/","name":"\"Ein Pobl yw Ein Cryfder\" - Rhai o'r Rhestrau: Chris Evans - undod","isPartOf":{"@id":"https:\/\/undod.cymru\/en\/#website"},"primaryImageOfPage":{"@id":"https:\/\/undod.cymru\/2026\/05\/02\/ein-pobl-yw-ein-cryfder-rhai-or-rhestrau-chris-evans\/#primaryimage"},"image":{"@id":"https:\/\/undod.cymru\/2026\/05\/02\/ein-pobl-yw-ein-cryfder-rhai-or-rhestrau-chris-evans\/#primaryimage"},"thumbnailUrl":"https:\/\/undod.cymru\/wp-content\/uploads\/2026\/05\/CHris-Evans-1.jpg","datePublished":"2026-05-02T01:04:36+00:00","breadcrumb":{"@id":"https:\/\/undod.cymru\/2026\/05\/02\/ein-pobl-yw-ein-cryfder-rhai-or-rhestrau-chris-evans\/#breadcrumb"},"inLanguage":"cy","potentialAction":[{"@type":"ReadAction","target":["https:\/\/undod.cymru\/2026\/05\/02\/ein-pobl-yw-ein-cryfder-rhai-or-rhestrau-chris-evans\/"]}]},{"@type":"ImageObject","inLanguage":"cy","@id":"https:\/\/undod.cymru\/2026\/05\/02\/ein-pobl-yw-ein-cryfder-rhai-or-rhestrau-chris-evans\/#primaryimage","url":"https:\/\/undod.cymru\/wp-content\/uploads\/2026\/05\/CHris-Evans-1.jpg","contentUrl":"https:\/\/undod.cymru\/wp-content\/uploads\/2026\/05\/CHris-Evans-1.jpg","width":1362,"height":1669},{"@type":"BreadcrumbList","@id":"https:\/\/undod.cymru\/2026\/05\/02\/ein-pobl-yw-ein-cryfder-rhai-or-rhestrau-chris-evans\/#breadcrumb","itemListElement":[{"@type":"ListItem","position":1,"name":"Home","item":"https:\/\/undod.cymru\/en\/"},{"@type":"ListItem","position":2,"name":"&#8220;Ein Pobl yw Ein Cryfder&#8221; &#8211; Rhai o&#8217;r Rhestrau: Chris Evans"}]},{"@type":"WebSite","@id":"https:\/\/undod.cymru\/en\/#website","url":"https:\/\/undod.cymru\/en\/","name":"undod","description":"Annibyniaeth Radical i Gymru","publisher":{"@id":"https:\/\/undod.cymru\/en\/#organization"},"potentialAction":[{"@type":"SearchAction","target":{"@type":"EntryPoint","urlTemplate":"https:\/\/undod.cymru\/en\/?s={search_term_string}"},"query-input":{"@type":"PropertyValueSpecification","valueRequired":true,"valueName":"search_term_string"}}],"inLanguage":"cy"},{"@type":"Organization","@id":"https:\/\/undod.cymru\/en\/#organization","name":"undod","url":"https:\/\/undod.cymru\/en\/","logo":{"@type":"ImageObject","inLanguage":"cy","@id":"https:\/\/undod.cymru\/en\/#\/schema\/logo\/image\/","url":"https:\/\/undod.cymru\/wp-content\/uploads\/2019\/07\/cropped-Undod-Eicon.png","contentUrl":"https:\/\/undod.cymru\/wp-content\/uploads\/2019\/07\/cropped-Undod-Eicon.png","width":190,"height":190,"caption":"undod"},"image":{"@id":"https:\/\/undod.cymru\/en\/#\/schema\/logo\/image\/"},"sameAs":["https:\/\/www.facebook.com\/undodcymru","https:\/\/x.com\/undodcymru","https:\/\/www.instagram.com\/undodcymru\/","https:\/\/www.youtube.com\/channel\/UC2p51r8PTDxeVjMyjB0FViw"]},{"@type":"Person","@id":"https:\/\/undod.cymru\/en\/#\/schema\/person\/64898897482e6fd169018b684328ec4e","name":"Undod","image":{"@type":"ImageObject","inLanguage":"cy","@id":"https:\/\/secure.gravatar.com\/avatar\/ce0b6535b657764bdba3be40bf9acf37705ae25f41c612d18e94f00c13570330?s=96&d=mm&r=g","url":"https:\/\/secure.gravatar.com\/avatar\/ce0b6535b657764bdba3be40bf9acf37705ae25f41c612d18e94f00c13570330?s=96&d=mm&r=g","contentUrl":"https:\/\/secure.gravatar.com\/avatar\/ce0b6535b657764bdba3be40bf9acf37705ae25f41c612d18e94f00c13570330?s=96&d=mm&r=g","caption":"Undod"},"url":"https:\/\/undod.cymru\/cy\/author\/undod\/"}]}},"_links":{"self":[{"href":"https:\/\/undod.cymru\/cy\/wp-json\/wp\/v2\/posts\/1574","targetHints":{"allow":["GET"]}}],"collection":[{"href":"https:\/\/undod.cymru\/cy\/wp-json\/wp\/v2\/posts"}],"about":[{"href":"https:\/\/undod.cymru\/cy\/wp-json\/wp\/v2\/types\/post"}],"author":[{"embeddable":true,"href":"https:\/\/undod.cymru\/cy\/wp-json\/wp\/v2\/users\/1"}],"replies":[{"embeddable":true,"href":"https:\/\/undod.cymru\/cy\/wp-json\/wp\/v2\/comments?post=1574"}],"version-history":[{"count":1,"href":"https:\/\/undod.cymru\/cy\/wp-json\/wp\/v2\/posts\/1574\/revisions"}],"predecessor-version":[{"id":1577,"href":"https:\/\/undod.cymru\/cy\/wp-json\/wp\/v2\/posts\/1574\/revisions\/1577"}],"wp:featuredmedia":[{"embeddable":true,"href":"https:\/\/undod.cymru\/cy\/wp-json\/wp\/v2\/media\/1576"}],"wp:attachment":[{"href":"https:\/\/undod.cymru\/cy\/wp-json\/wp\/v2\/media?parent=1574"}],"wp:term":[{"taxonomy":"category","embeddable":true,"href":"https:\/\/undod.cymru\/cy\/wp-json\/wp\/v2\/categories?post=1574"},{"taxonomy":"post_tag","embeddable":true,"href":"https:\/\/undod.cymru\/cy\/wp-json\/wp\/v2\/tags?post=1574"}],"curies":[{"name":"wp","href":"https:\/\/api.w.org\/{rel}","templated":true}]}}