{"id":1563,"date":"2026-04-29T07:41:39","date_gmt":"2026-04-29T06:41:39","guid":{"rendered":"https:\/\/undod.cymru\/?p=1563"},"modified":"2026-04-29T07:41:39","modified_gmt":"2026-04-29T06:41:39","slug":"undod-mewn-amrywiaeth-or-newydd-rhan-ii","status":"publish","type":"post","link":"https:\/\/undod.cymru\/en\/2026\/04\/29\/undod-mewn-amrywiaeth-or-newydd-rhan-ii\/","title":{"rendered":"A New Unity in Diversity &#8211; Part II"},"content":{"rendered":"<p>This is the second installment of a three-part article. I won\u2019t re-hash the points and caveats I made in my previous article, rather you can read it <a href=\"https:\/\/undod.cymru\/en\/2026\/04\/25\/cyd-blethu-ymwybyddiaeth-newydd-dealltwriaeth-ol-woke-o-undod-mewn-amrywiaeth\/\">here.<\/a><\/p>\n<p>In an <a href=\"https:\/\/www.planetmagazine.org.uk\/planet-online\/231\/editorial\">editorial<\/a> I wrote for <em>Planet: the Welsh Internationalist<\/em> magazine in 2018, I laid out embryonic proposals for conceiving of a universalist politics which serves and can be supported by the majority while empowering women and minorities. This would be a politics which diverged from the false universalism of the past (which usually had as its default a particular construct of human) while also avoiding the neoliberal, elitist modes of \u2018HR identity politics\u2019, and the censorious, cultish excesses of US-style social justice warriors:<\/p>\n<blockquote><p>\u2018This needs to entail a renewed politics of the majority, a universalism which isn\u2019t emblematised by the white, straight, male. One that is rather the strength in numbers of diverse groups collaged into a formidable majority, that is supported by the mutual aid of solidarity, the idea that we can\u2019t be free unless we are all free.\u2019<\/p><\/blockquote>\n<p>I argued that this alternative form of universalism, one which is inextricably enmeshed with women\u2019s and minority rights, could be found at the core of Jeremy Corbyn\u2019s and Leanne Wood\u2019s politics as leaders of Labour and Plaid, albeit that there was scope to develop this further.<\/p>\n<p>The \u2018vision\u2019 within the <em>Planet <\/em>editorial wasn\u2019t entirely mine, of course. It was partly inspired by conversations with friends from different backgrounds, and also drew obliquely from, and was emboldened by, work by (e.g.) <a href=\"https:\/\/www.opendemocracy.net\/en\/opendemocracyuk\/exiting-vampire-castle\/\">Mark Fisher<\/a>, <a href=\"https:\/\/repeaterbooks.com\/product\/lean-out\/\">Dawn Foster<\/a> and <a href=\"https:\/\/en.wikipedia.org\/wiki\/Ambalavaner_Sivanandan\">Ambalavaner Sivanandan<\/a>.<\/p>\n<p>Since 2018, these attempts to disentangle and extract a progressive identity politics from problematic manifestations of \u2018woke\u2019, and renew it as part of a broader left-wing strategy have been refined and clarified further. In the last 8 years, a number of public intellectuals such as <a href=\"https:\/\/www.olufemiotaiwo.com\/\">Ol\u00faf\u1eb9\u0301mi O. T\u00e1\u00edw\u00f2<\/a>, <a href=\"https:\/\/www.penguinrandomhouse.com\/books\/566920\/mistaken-identity-by-asad-haider\/\">Asad Haider<\/a>, <a href=\"https:\/\/www.versobooks.com\/en-gb\/products\/881-comrade\">Jodi Dean<\/a>, <a href=\"https:\/\/www.penguin.co.uk\/books\/443684\/what-white-people-can-do-next-by-dabiri-emma\/9780141996738\">Emma Dabiri<\/a>, <a href=\"https:\/\/www.versobooks.com\/en-gb\/products\/774-feminism-for-the-99\">Cinzia Arruzza<\/a>, Tithi Bhattacharya and Nancy Fraser have published important perspectives on this issue (which differ in the nature of their scepticism towards what can be caricatured as \u2018woke culture\u2019, but all offer a \u2013 usually class-based \u2013 alternative that doesn\u2019t abandon it entirely). A particularly constructive example of these being Ash Sarkar\u2019s bestselling <a href=\"https:\/\/www.bloomsbury.com\/uk\/minority-rule-9781526648334\/\"><em>Minority Rule: Adventures in the Culture War<\/em><\/a>.<\/p>\n<p>No longer do we privately hold nebulous, gut-level misgivings that something has gone strangely awry with how we interact with each other politically, rather a whole vocabulary has developed to express this publicly. Some of these terms remain rather arcane (albeit useful): \u2018<a href=\"https:\/\/www.plutobooks.com\/product\/elite-capture\/\">elite capture\u2019<\/a> and \u2018epistemic deference\u2019, anyone? But others have become popularised as we\u2019ve wised up to the abuse of identity for elite or factional ends (and to its appropriation by the Right, as <em>Minority Rule<\/em> points out): the \u2018weaponising\u2019 of identity, \u2018bad faith interpretations\u2019, \u2018language-policing\u2019, \u2018cry-bullying\u2019, and \u2013 hurray! \u2013\u00a0 widespread Millennial\/Gen Z repudiation of the neoliberal \u2018girl boss feminism\u2019 that so tainted women\u2019s rights in recent decades.<\/p>\n<p>In UK party politics, this is articulated by Green politicians such as Zack Polanski and Hannah Spencer who refuse to mute their support for women\u2019s and minority rights; but also foreground economic inequality and the rights of the \u201899%\u2019, and <a href=\"https:\/\/novaramedia.com\/2026\/03\/29\/weve-proven-we-can-beat-reform-and-labour\/\">talk<\/a> of the need for a more empathetic approach to those in the electorate who have been taken in by Far Right narratives, or just \u2018say the wrong thing\u2019, than that associated with \u2018cancel culture\u2019 and Millennial scolding.<\/p>\n<p>In Wales since 2018, attempts to forge a new and more meaningfully progressive approach to identity and class have also flourished. In an event to mark 50 years of <em>Planet<\/em>, asylum and LGBT+ rights lawyer Hussein Said made a powerful <a href=\"https:\/\/www.planetmagazine.org.uk\/planet_extra\/planet-discussion-wales-world-2022\">case<\/a> to not \u2018indulge in privilege politics\u2019 but rather unite against the ruling class, who are the ones really responsible for the most deadly manifestations of inequality such as neo-imperial war and environmental damage. Simon Brooks\u2019 <a href=\"https:\/\/www.uwp.co.uk\/book\/hanes-cymry-brooks\/\"><em>Hanes Cymry: Lleiafrifoedd Ethnig a\u2019r Gwareiddiad Cymraeg<\/em><\/a> discussed the complexities of multi-ethnicity in the context of Welsh-language culture. In his <a href=\"https:\/\/www.partyof.wales\/araith_rhun_speech26\">references<\/a> to breaking \u2018with the\u00a0<u>old<\/u>\u00a0political group think of the liberal left\u2019 and Welsh Labour \u2018managing and appeasing\u2019, is it too much to hope for that Rhun ap Iorwerth and his team have read Dan Evans\u2019 ground-breaking work <a href=\"https:\/\/repeaterbooks.com\/product\/a-nation-of-shopkeepers\/\"><em>A Nation of Shopkeepers: the Unstoppable Rise of the Petty Bourgeoisie<\/em><\/a>? Evans\u2019 class analysis identifies the finger-wagging \u2018professional-managerial class\u2019 who are driving many to the Far Right through simultaneously overseeing a decline in material conditions and public sphere, while increasingly language-policing and micro-managing workers and clients.<\/p>\n<p>In short, left-leaning positions on identity politics have evolved substantially in the last few years. Why, then, is there such an urgent need to revisit and disseminate an alternative to the \u2018id pol\u2019 of the late 2010s and early 2020s in the lead up to the 7<sup>th<\/sup> of May? Because the Right are feeding off the situation that most people haven\u2019t been made aware that anything has changed since so-called \u2018Peak Woke\u2019 of 2020, and are drawing on a grotesque caricature of that discourse to boot.<\/p>\n<p>The issue here is not only reaching those thinking of voting Reform, but also those more middle-of-the-road voters of the \u201899%\u2019 who would recoil from Farage and not be necessarily driven by frustration and anger, but would turn to the Tories, centrists or disengage with the electoral process partly due to misguided mood music (derived from right-wing propaganda) that the left-wing parties are not acting in <em>their <\/em>interests, rather for the benefit of a remote \u2018caste\u2019 of minority groups (or for an equally \u2018alien\u2019, younger, often more educated generation) that they now think they have little in common with.<\/p>\n<p>In the final instalment of this article I\u2019ll look further at all this, and indulge the ultimate clich\u00e9 of lefty article conclusions: What Is To Be Done (In A Few Sentences).<\/p>","protected":false},"excerpt":{"rendered":"<p>This is the second installment of a three-part article. I won\u2019t re-hash the points and caveats I made in my previous article, rather you can read it here. In an &hellip; <\/p>\n<p class=\"link-more\"><a href=\"https:\/\/undod.cymru\/en\/2026\/04\/29\/undod-mewn-amrywiaeth-or-newydd-rhan-ii\/\" class=\"more-link\">Continue reading<span class=\"screen-reader-text\"> &#8220;A New Unity in Diversity &#8211; Part II&#8221;<\/span><\/a><\/p>\n","protected":false},"author":47,"featured_media":1560,"comment_status":"open","ping_status":"open","sticky":false,"template":"","format":"standard","meta":{"footnotes":""},"categories":[1],"tags":[],"class_list":["post-1563","post","type-post","status-publish","format-standard","has-post-thumbnail","hentry","category-heb-gategori","entry"],"yoast_head":"<!-- This site is optimized with the Yoast SEO plugin v27.2 - https:\/\/yoast.com\/product\/yoast-seo-wordpress\/ -->\n<title>A New Unity in Diversity - Part II - undod<\/title>\n<meta name=\"robots\" content=\"index, follow, max-snippet:-1, max-image-preview:large, max-video-preview:-1\" \/>\n<link rel=\"canonical\" href=\"https:\/\/undod.cymru\/2026\/04\/29\/undod-mewn-amrywiaeth-or-newydd-rhan-ii\/\" \/>\n<meta property=\"og:locale\" content=\"en_GB\" \/>\n<meta property=\"og:type\" content=\"article\" \/>\n<meta property=\"og:title\" content=\"A New Unity in Diversity - Part II - undod\" \/>\n<meta property=\"og:description\" content=\"This is the second installment of a three-part article. I won\u2019t re-hash the points and caveats I made in my previous article, rather you can read it here. In an &hellip; Continue reading &quot;A New Unity in Diversity &#8211; Part II&quot;\" \/>\n<meta property=\"og:url\" content=\"https:\/\/undod.cymru\/en\/2026\/04\/29\/undod-mewn-amrywiaeth-or-newydd-rhan-ii\/\" \/>\n<meta property=\"og:site_name\" content=\"undod\" \/>\n<meta property=\"article:publisher\" content=\"https:\/\/www.facebook.com\/undodcymru\" \/>\n<meta property=\"article:published_time\" content=\"2026-04-29T06:41:39+00:00\" \/>\n<meta property=\"og:image\" content=\"https:\/\/undod.cymru\/wp-content\/uploads\/2026\/04\/2022_Planet50th_Fan.jpg\" \/>\n\t<meta property=\"og:image:width\" content=\"1000\" \/>\n\t<meta property=\"og:image:height\" content=\"359\" \/>\n\t<meta property=\"og:image:type\" content=\"image\/jpeg\" \/>\n<meta name=\"author\" content=\"Emily Trahair\" \/>\n<meta name=\"twitter:card\" content=\"summary_large_image\" \/>\n<meta name=\"twitter:creator\" content=\"@undodcymru\" \/>\n<meta name=\"twitter:site\" content=\"@undodcymru\" \/>\n<meta name=\"twitter:label1\" content=\"Written by\" \/>\n\t<meta name=\"twitter:data1\" content=\"Emily Trahair\" \/>\n\t<meta name=\"twitter:label2\" content=\"Estimated reading time\" \/>\n\t<meta name=\"twitter:data2\" content=\"6 minutes\" \/>\n<script type=\"application\/ld+json\" class=\"yoast-schema-graph\">{\"@context\":\"https:\/\/schema.org\",\"@graph\":[{\"@type\":\"Article\",\"@id\":\"https:\/\/undod.cymru\/2026\/04\/29\/undod-mewn-amrywiaeth-or-newydd-rhan-ii\/#article\",\"isPartOf\":{\"@id\":\"https:\/\/undod.cymru\/2026\/04\/29\/undod-mewn-amrywiaeth-or-newydd-rhan-ii\/\"},\"author\":{\"name\":\"Emily Trahair\",\"@id\":\"https:\/\/undod.cymru\/en\/#\/schema\/person\/9fbc5fd524eae4f353f8d3d770686403\"},\"headline\":\"A New Unity in Diversity &#8211; Part II\",\"datePublished\":\"2026-04-29T06:41:39+00:00\",\"mainEntityOfPage\":{\"@id\":\"https:\/\/undod.cymru\/2026\/04\/29\/undod-mewn-amrywiaeth-or-newydd-rhan-ii\/\"},\"wordCount\":2093,\"commentCount\":0,\"publisher\":{\"@id\":\"https:\/\/undod.cymru\/en\/#organization\"},\"image\":{\"@id\":\"https:\/\/undod.cymru\/2026\/04\/29\/undod-mewn-amrywiaeth-or-newydd-rhan-ii\/#primaryimage\"},\"thumbnailUrl\":\"https:\/\/undod.cymru\/wp-content\/uploads\/2026\/04\/2022_Planet50th_Fan.jpg\",\"inLanguage\":\"en-GB\",\"potentialAction\":[{\"@type\":\"CommentAction\",\"name\":\"Comment\",\"target\":[\"https:\/\/undod.cymru\/2026\/04\/29\/undod-mewn-amrywiaeth-or-newydd-rhan-ii\/#respond\"]}]},{\"@type\":\"WebPage\",\"@id\":\"https:\/\/undod.cymru\/2026\/04\/29\/undod-mewn-amrywiaeth-or-newydd-rhan-ii\/\",\"url\":\"https:\/\/undod.cymru\/2026\/04\/29\/undod-mewn-amrywiaeth-or-newydd-rhan-ii\/\",\"name\":\"A New Unity in Diversity - Part II - undod\",\"isPartOf\":{\"@id\":\"https:\/\/undod.cymru\/en\/#website\"},\"primaryImageOfPage\":{\"@id\":\"https:\/\/undod.cymru\/2026\/04\/29\/undod-mewn-amrywiaeth-or-newydd-rhan-ii\/#primaryimage\"},\"image\":{\"@id\":\"https:\/\/undod.cymru\/2026\/04\/29\/undod-mewn-amrywiaeth-or-newydd-rhan-ii\/#primaryimage\"},\"thumbnailUrl\":\"https:\/\/undod.cymru\/wp-content\/uploads\/2026\/04\/2022_Planet50th_Fan.jpg\",\"datePublished\":\"2026-04-29T06:41:39+00:00\",\"breadcrumb\":{\"@id\":\"https:\/\/undod.cymru\/2026\/04\/29\/undod-mewn-amrywiaeth-or-newydd-rhan-ii\/#breadcrumb\"},\"inLanguage\":\"en-GB\",\"potentialAction\":[{\"@type\":\"ReadAction\",\"target\":[\"https:\/\/undod.cymru\/2026\/04\/29\/undod-mewn-amrywiaeth-or-newydd-rhan-ii\/\"]}]},{\"@type\":\"ImageObject\",\"inLanguage\":\"en-GB\",\"@id\":\"https:\/\/undod.cymru\/2026\/04\/29\/undod-mewn-amrywiaeth-or-newydd-rhan-ii\/#primaryimage\",\"url\":\"https:\/\/undod.cymru\/wp-content\/uploads\/2026\/04\/2022_Planet50th_Fan.jpg\",\"contentUrl\":\"https:\/\/undod.cymru\/wp-content\/uploads\/2026\/04\/2022_Planet50th_Fan.jpg\",\"width\":1000,\"height\":359},{\"@type\":\"BreadcrumbList\",\"@id\":\"https:\/\/undod.cymru\/2026\/04\/29\/undod-mewn-amrywiaeth-or-newydd-rhan-ii\/#breadcrumb\",\"itemListElement\":[{\"@type\":\"ListItem\",\"position\":1,\"name\":\"Home\",\"item\":\"https:\/\/undod.cymru\/en\/\"},{\"@type\":\"ListItem\",\"position\":2,\"name\":\"Undod mewn Amrywiaeth o&#8217;r Newydd &#8211; Rhan II\"}]},{\"@type\":\"WebSite\",\"@id\":\"https:\/\/undod.cymru\/en\/#website\",\"url\":\"https:\/\/undod.cymru\/en\/\",\"name\":\"undod\",\"description\":\"Radical Independence for Wales\",\"publisher\":{\"@id\":\"https:\/\/undod.cymru\/en\/#organization\"},\"potentialAction\":[{\"@type\":\"SearchAction\",\"target\":{\"@type\":\"EntryPoint\",\"urlTemplate\":\"https:\/\/undod.cymru\/en\/?s={search_term_string}\"},\"query-input\":{\"@type\":\"PropertyValueSpecification\",\"valueRequired\":true,\"valueName\":\"search_term_string\"}}],\"inLanguage\":\"en-GB\"},{\"@type\":\"Organization\",\"@id\":\"https:\/\/undod.cymru\/en\/#organization\",\"name\":\"undod\",\"url\":\"https:\/\/undod.cymru\/en\/\",\"logo\":{\"@type\":\"ImageObject\",\"inLanguage\":\"en-GB\",\"@id\":\"https:\/\/undod.cymru\/en\/#\/schema\/logo\/image\/\",\"url\":\"https:\/\/undod.cymru\/wp-content\/uploads\/2019\/07\/cropped-Undod-Eicon.png\",\"contentUrl\":\"https:\/\/undod.cymru\/wp-content\/uploads\/2019\/07\/cropped-Undod-Eicon.png\",\"width\":190,\"height\":190,\"caption\":\"undod\"},\"image\":{\"@id\":\"https:\/\/undod.cymru\/en\/#\/schema\/logo\/image\/\"},\"sameAs\":[\"https:\/\/www.facebook.com\/undodcymru\",\"https:\/\/x.com\/undodcymru\",\"https:\/\/www.instagram.com\/undodcymru\/\",\"https:\/\/www.youtube.com\/channel\/UC2p51r8PTDxeVjMyjB0FViw\"]},{\"@type\":\"Person\",\"@id\":\"https:\/\/undod.cymru\/en\/#\/schema\/person\/9fbc5fd524eae4f353f8d3d770686403\",\"name\":\"Emily Trahair\",\"image\":{\"@type\":\"ImageObject\",\"inLanguage\":\"en-GB\",\"@id\":\"https:\/\/secure.gravatar.com\/avatar\/9bb0fdf3af9ad30fba2ed501b41646bb61da397df058cc8a02cb7627c6b41951?s=96&d=mm&r=g\",\"url\":\"https:\/\/secure.gravatar.com\/avatar\/9bb0fdf3af9ad30fba2ed501b41646bb61da397df058cc8a02cb7627c6b41951?s=96&d=mm&r=g\",\"contentUrl\":\"https:\/\/secure.gravatar.com\/avatar\/9bb0fdf3af9ad30fba2ed501b41646bb61da397df058cc8a02cb7627c6b41951?s=96&d=mm&r=g\",\"caption\":\"Emily Trahair\"},\"url\":\"https:\/\/undod.cymru\/en\/author\/emilytrahair\/\"}]}<\/script>\n<!-- \/ Yoast SEO plugin. -->","yoast_head_json":{"title":"A New Unity in Diversity - Part II - undod","robots":{"index":"index","follow":"follow","max-snippet":"max-snippet:-1","max-image-preview":"max-image-preview:large","max-video-preview":"max-video-preview:-1"},"canonical":"https:\/\/undod.cymru\/2026\/04\/29\/undod-mewn-amrywiaeth-or-newydd-rhan-ii\/","og_locale":"en_GB","og_type":"article","og_title":"A New Unity in Diversity - Part II - undod","og_description":"This is the second installment of a three-part article. I won\u2019t re-hash the points and caveats I made in my previous article, rather you can read it here. In an &hellip; Continue reading \"A New Unity in Diversity &#8211; Part II\"","og_url":"https:\/\/undod.cymru\/en\/2026\/04\/29\/undod-mewn-amrywiaeth-or-newydd-rhan-ii\/","og_site_name":"undod","article_publisher":"https:\/\/www.facebook.com\/undodcymru","article_published_time":"2026-04-29T06:41:39+00:00","og_image":[{"width":1000,"height":359,"url":"https:\/\/undod.cymru\/wp-content\/uploads\/2026\/04\/2022_Planet50th_Fan.jpg","type":"image\/jpeg"}],"author":"Emily Trahair","twitter_card":"summary_large_image","twitter_creator":"@undodcymru","twitter_site":"@undodcymru","twitter_misc":{"Written by":"Emily Trahair","Estimated reading time":"6 minutes"},"schema":{"@context":"https:\/\/schema.org","@graph":[{"@type":"Article","@id":"https:\/\/undod.cymru\/2026\/04\/29\/undod-mewn-amrywiaeth-or-newydd-rhan-ii\/#article","isPartOf":{"@id":"https:\/\/undod.cymru\/2026\/04\/29\/undod-mewn-amrywiaeth-or-newydd-rhan-ii\/"},"author":{"name":"Emily Trahair","@id":"https:\/\/undod.cymru\/en\/#\/schema\/person\/9fbc5fd524eae4f353f8d3d770686403"},"headline":"A New Unity in Diversity &#8211; Part II","datePublished":"2026-04-29T06:41:39+00:00","mainEntityOfPage":{"@id":"https:\/\/undod.cymru\/2026\/04\/29\/undod-mewn-amrywiaeth-or-newydd-rhan-ii\/"},"wordCount":2093,"commentCount":0,"publisher":{"@id":"https:\/\/undod.cymru\/en\/#organization"},"image":{"@id":"https:\/\/undod.cymru\/2026\/04\/29\/undod-mewn-amrywiaeth-or-newydd-rhan-ii\/#primaryimage"},"thumbnailUrl":"https:\/\/undod.cymru\/wp-content\/uploads\/2026\/04\/2022_Planet50th_Fan.jpg","inLanguage":"en-GB","potentialAction":[{"@type":"CommentAction","name":"Comment","target":["https:\/\/undod.cymru\/2026\/04\/29\/undod-mewn-amrywiaeth-or-newydd-rhan-ii\/#respond"]}]},{"@type":"WebPage","@id":"https:\/\/undod.cymru\/2026\/04\/29\/undod-mewn-amrywiaeth-or-newydd-rhan-ii\/","url":"https:\/\/undod.cymru\/2026\/04\/29\/undod-mewn-amrywiaeth-or-newydd-rhan-ii\/","name":"A New Unity in Diversity - Part II - undod","isPartOf":{"@id":"https:\/\/undod.cymru\/en\/#website"},"primaryImageOfPage":{"@id":"https:\/\/undod.cymru\/2026\/04\/29\/undod-mewn-amrywiaeth-or-newydd-rhan-ii\/#primaryimage"},"image":{"@id":"https:\/\/undod.cymru\/2026\/04\/29\/undod-mewn-amrywiaeth-or-newydd-rhan-ii\/#primaryimage"},"thumbnailUrl":"https:\/\/undod.cymru\/wp-content\/uploads\/2026\/04\/2022_Planet50th_Fan.jpg","datePublished":"2026-04-29T06:41:39+00:00","breadcrumb":{"@id":"https:\/\/undod.cymru\/2026\/04\/29\/undod-mewn-amrywiaeth-or-newydd-rhan-ii\/#breadcrumb"},"inLanguage":"en-GB","potentialAction":[{"@type":"ReadAction","target":["https:\/\/undod.cymru\/2026\/04\/29\/undod-mewn-amrywiaeth-or-newydd-rhan-ii\/"]}]},{"@type":"ImageObject","inLanguage":"en-GB","@id":"https:\/\/undod.cymru\/2026\/04\/29\/undod-mewn-amrywiaeth-or-newydd-rhan-ii\/#primaryimage","url":"https:\/\/undod.cymru\/wp-content\/uploads\/2026\/04\/2022_Planet50th_Fan.jpg","contentUrl":"https:\/\/undod.cymru\/wp-content\/uploads\/2026\/04\/2022_Planet50th_Fan.jpg","width":1000,"height":359},{"@type":"BreadcrumbList","@id":"https:\/\/undod.cymru\/2026\/04\/29\/undod-mewn-amrywiaeth-or-newydd-rhan-ii\/#breadcrumb","itemListElement":[{"@type":"ListItem","position":1,"name":"Home","item":"https:\/\/undod.cymru\/en\/"},{"@type":"ListItem","position":2,"name":"Undod mewn Amrywiaeth o&#8217;r Newydd &#8211; Rhan II"}]},{"@type":"WebSite","@id":"https:\/\/undod.cymru\/en\/#website","url":"https:\/\/undod.cymru\/en\/","name":"undod","description":"Radical Independence for Wales","publisher":{"@id":"https:\/\/undod.cymru\/en\/#organization"},"potentialAction":[{"@type":"SearchAction","target":{"@type":"EntryPoint","urlTemplate":"https:\/\/undod.cymru\/en\/?s={search_term_string}"},"query-input":{"@type":"PropertyValueSpecification","valueRequired":true,"valueName":"search_term_string"}}],"inLanguage":"en-GB"},{"@type":"Organization","@id":"https:\/\/undod.cymru\/en\/#organization","name":"undod","url":"https:\/\/undod.cymru\/en\/","logo":{"@type":"ImageObject","inLanguage":"en-GB","@id":"https:\/\/undod.cymru\/en\/#\/schema\/logo\/image\/","url":"https:\/\/undod.cymru\/wp-content\/uploads\/2019\/07\/cropped-Undod-Eicon.png","contentUrl":"https:\/\/undod.cymru\/wp-content\/uploads\/2019\/07\/cropped-Undod-Eicon.png","width":190,"height":190,"caption":"undod"},"image":{"@id":"https:\/\/undod.cymru\/en\/#\/schema\/logo\/image\/"},"sameAs":["https:\/\/www.facebook.com\/undodcymru","https:\/\/x.com\/undodcymru","https:\/\/www.instagram.com\/undodcymru\/","https:\/\/www.youtube.com\/channel\/UC2p51r8PTDxeVjMyjB0FViw"]},{"@type":"Person","@id":"https:\/\/undod.cymru\/en\/#\/schema\/person\/9fbc5fd524eae4f353f8d3d770686403","name":"Emily Trahair","image":{"@type":"ImageObject","inLanguage":"en-GB","@id":"https:\/\/secure.gravatar.com\/avatar\/9bb0fdf3af9ad30fba2ed501b41646bb61da397df058cc8a02cb7627c6b41951?s=96&d=mm&r=g","url":"https:\/\/secure.gravatar.com\/avatar\/9bb0fdf3af9ad30fba2ed501b41646bb61da397df058cc8a02cb7627c6b41951?s=96&d=mm&r=g","contentUrl":"https:\/\/secure.gravatar.com\/avatar\/9bb0fdf3af9ad30fba2ed501b41646bb61da397df058cc8a02cb7627c6b41951?s=96&d=mm&r=g","caption":"Emily Trahair"},"url":"https:\/\/undod.cymru\/en\/author\/emilytrahair\/"}]}},"_links":{"self":[{"href":"https:\/\/undod.cymru\/en\/wp-json\/wp\/v2\/posts\/1563","targetHints":{"allow":["GET"]}}],"collection":[{"href":"https:\/\/undod.cymru\/en\/wp-json\/wp\/v2\/posts"}],"about":[{"href":"https:\/\/undod.cymru\/en\/wp-json\/wp\/v2\/types\/post"}],"author":[{"embeddable":true,"href":"https:\/\/undod.cymru\/en\/wp-json\/wp\/v2\/users\/47"}],"replies":[{"embeddable":true,"href":"https:\/\/undod.cymru\/en\/wp-json\/wp\/v2\/comments?post=1563"}],"version-history":[{"count":1,"href":"https:\/\/undod.cymru\/en\/wp-json\/wp\/v2\/posts\/1563\/revisions"}],"predecessor-version":[{"id":1564,"href":"https:\/\/undod.cymru\/en\/wp-json\/wp\/v2\/posts\/1563\/revisions\/1564"}],"wp:featuredmedia":[{"embeddable":true,"href":"https:\/\/undod.cymru\/en\/wp-json\/wp\/v2\/media\/1560"}],"wp:attachment":[{"href":"https:\/\/undod.cymru\/en\/wp-json\/wp\/v2\/media?parent=1563"}],"wp:term":[{"taxonomy":"category","embeddable":true,"href":"https:\/\/undod.cymru\/en\/wp-json\/wp\/v2\/categories?post=1563"},{"taxonomy":"post_tag","embeddable":true,"href":"https:\/\/undod.cymru\/en\/wp-json\/wp\/v2\/tags?post=1563"}],"curies":[{"name":"wp","href":"https:\/\/api.w.org\/{rel}","templated":true}]}}